{"id":3841,"date":"2026-03-08T09:34:43","date_gmt":"2026-03-08T09:34:43","guid":{"rendered":"https:\/\/tsv-blauweiss65schwedt.de\/?p=3841"},"modified":"2026-03-08T09:34:43","modified_gmt":"2026-03-08T09:34:43","slug":"mehr-als-20-hasen-beim-cup-auftakt-2026","status":"publish","type":"post","link":"https:\/\/tsv-blauweiss65schwedt.de\/?p=3841","title":{"rendered":"Mehr als 20 &#8222;Hasen&#8220; beim Cup-Auftakt 2026"},"content":{"rendered":"<p><span style=\"font-size: 14pt;\"><strong>Beim Start in den uckerm\u00e4rkischen Laufcup 2026 waren am Sonnabend mehr als 20 Mitglieder unserer Laufgruppe Schwedter Hasen am Start.<\/strong><\/span> Beim Angerm\u00fcnder Wiesellauf mit insgesamt 142 Teilnehmern standen f\u00fcnf verschiedene Strecken &#8211; je nach Alteraklasse zu absolvieren &#8211; in der Ausschreibung.&nbsp;<\/p>\n<div id=\"attachment_3843\" style=\"width: 357px\" class=\"wp-caption alignright\"><img loading=\"lazy\" decoding=\"async\" aria-describedby=\"caption-attachment-3843\" class=\"wp-image-3843\" src=\"http:\/\/tsv-blauweiss65schwedt.de\/wp-content\/uploads\/2026\/03\/Wiesellauf-300x245.jpg\" alt=\"\" width=\"347\" height=\"283\" srcset=\"https:\/\/tsv-blauweiss65schwedt.de\/wp-content\/uploads\/2026\/03\/Wiesellauf-300x245.jpg 300w, https:\/\/tsv-blauweiss65schwedt.de\/wp-content\/uploads\/2026\/03\/Wiesellauf-1024x835.jpg 1024w, https:\/\/tsv-blauweiss65schwedt.de\/wp-content\/uploads\/2026\/03\/Wiesellauf-768x626.jpg 768w, https:\/\/tsv-blauweiss65schwedt.de\/wp-content\/uploads\/2026\/03\/Wiesellauf-1536x1253.jpg 1536w, https:\/\/tsv-blauweiss65schwedt.de\/wp-content\/uploads\/2026\/03\/Wiesellauf.jpg 2048w\" sizes=\"auto, (max-width: 347px) 100vw, 347px\" \/><p id=\"caption-attachment-3843\" class=\"wp-caption-text\">Andr\u00e9 Pohlmann (2.v.l.) von den Schwedter Hasen gewann die Wertung der AK 40 auf der 10.000-Meter-Strecke, auf der er in 40:45,5 min Gesamt-Dritter wurde.<\/p><\/div>\n<p>Mehr als ein Dutzend Kinder und Jugendliche des TSV Blau-Wei\u00df 65 liefen Strecken zwischen 800 und 2800 Meter, wobei der Streckensieg von Jozej Michajlowski nach furiosem Lauf \u00fcber 800 Meter in einer Zeit von 3:05,5 min aus &#8222;Hasen&#8220;-Sicht herausragt. Sieben Erwachsene vertraten die TSV-L\u00e4uferschar auf der 10.000-Meter-Distanz. Hier gab es vier Altersklassen-Siege f\u00fcr die &#8222;Hasen&#8220; sowie drei weitere Podestplatzierungen.<\/p>\n<p><em>(Ein ausf\u00fchrlicher Bericht folgt dann noch auf der Seite der Abteilung Leichtathletik.)<\/em><\/p>\n","protected":false},"excerpt":{"rendered":"<p>Beim Start in den uckerm\u00e4rkischen Laufcup 2026 waren am Sonnabend mehr als 20 Mitglieder unserer Laufgruppe Schwedter Hasen am Start. Beim Angerm\u00fcnder Wiesellauf mit insgesamt 142 Teilnehmern standen f\u00fcnf verschiedene Strecken &#8211; je nach Alteraklasse zu absolvieren &#8211; in der &hellip; <a href=\"https:\/\/tsv-blauweiss65schwedt.de\/?p=3841\">Weiterlesen <span class=\"meta-nav\">&rarr;<\/span><\/a><\/p>\n","protected":false},"author":5,"featured_media":0,"comment_status":"closed","ping_status":"open","sticky":false,"template":"","format":"standard","meta":{"ngg_post_thumbnail":0,"footnotes":""},"categories":[7],"tags":[],"class_list":["post-3841","post","type-post","status-publish","format-standard","hentry","category-leichtathletik"],"_links":{"self":[{"href":"https:\/\/tsv-blauweiss65schwedt.de\/index.php?rest_route=\/wp\/v2\/posts\/3841","targetHints":{"allow":["GET"]}}],"collection":[{"href":"https:\/\/tsv-blauweiss65schwedt.de\/index.php?rest_route=\/wp\/v2\/posts"}],"about":[{"href":"https:\/\/tsv-blauweiss65schwedt.de\/index.php?rest_route=\/wp\/v2\/types\/post"}],"author":[{"embeddable":true,"href":"https:\/\/tsv-blauweiss65schwedt.de\/index.php?rest_route=\/wp\/v2\/users\/5"}],"replies":[{"embeddable":true,"href":"https:\/\/tsv-blauweiss65schwedt.de\/index.php?rest_route=%2Fwp%2Fv2%2Fcomments&post=3841"}],"version-history":[{"count":3,"href":"https:\/\/tsv-blauweiss65schwedt.de\/index.php?rest_route=\/wp\/v2\/posts\/3841\/revisions"}],"predecessor-version":[{"id":3845,"href":"https:\/\/tsv-blauweiss65schwedt.de\/index.php?rest_route=\/wp\/v2\/posts\/3841\/revisions\/3845"}],"wp:attachment":[{"href":"https:\/\/tsv-blauweiss65schwedt.de\/index.php?rest_route=%2Fwp%2Fv2%2Fmedia&parent=3841"}],"wp:term":[{"taxonomy":"category","embeddable":true,"href":"https:\/\/tsv-blauweiss65schwedt.de\/index.php?rest_route=%2Fwp%2Fv2%2Fcategories&post=3841"},{"taxonomy":"post_tag","embeddable":true,"href":"https:\/\/tsv-blauweiss65schwedt.de\/index.php?rest_route=%2Fwp%2Fv2%2Ftags&post=3841"}],"curies":[{"name":"wp","href":"https:\/\/api.w.org\/{rel}","templated":true}]}}