{"id":2041,"date":"2023-03-23T13:40:08","date_gmt":"2023-03-23T13:40:08","guid":{"rendered":"https:\/\/tsv-blauweiss65schwedt.de\/?p=2041"},"modified":"2023-03-23T13:40:08","modified_gmt":"2023-03-23T13:40:08","slug":"zwei-tsv-silberraenge-bei-kreis-sportlerwahl","status":"publish","type":"post","link":"https:\/\/tsv-blauweiss65schwedt.de\/?p=2041","title":{"rendered":"Zwei TSV-Silberr\u00e4nge bei Kreis-Sportlerwahl"},"content":{"rendered":"<div id=\"attachment_2042\" style=\"width: 342px\" class=\"wp-caption alignright\"><img loading=\"lazy\" decoding=\"async\" aria-describedby=\"caption-attachment-2042\" class=\"wp-image-2042 \" src=\"http:\/\/tsv-blauweiss65schwedt.de\/wp-content\/uploads\/2023\/03\/Ehrung_TSV-300x288.jpg\" alt=\"\" width=\"332\" height=\"319\" srcset=\"https:\/\/tsv-blauweiss65schwedt.de\/wp-content\/uploads\/2023\/03\/Ehrung_TSV-300x288.jpg 300w, https:\/\/tsv-blauweiss65schwedt.de\/wp-content\/uploads\/2023\/03\/Ehrung_TSV-1024x984.jpg 1024w, https:\/\/tsv-blauweiss65schwedt.de\/wp-content\/uploads\/2023\/03\/Ehrung_TSV-768x738.jpg 768w, https:\/\/tsv-blauweiss65schwedt.de\/wp-content\/uploads\/2023\/03\/Ehrung_TSV-1536x1475.jpg 1536w, https:\/\/tsv-blauweiss65schwedt.de\/wp-content\/uploads\/2023\/03\/Ehrung_TSV.jpg 1851w\" sizes=\"auto, (max-width: 332px) 100vw, 332px\" \/><p id=\"caption-attachment-2042\" class=\"wp-caption-text\">Steffi Skara und Carsten Stephan erhielten Ehrungen durch den Kreissportbund Uckermark.\u00a0 \u00a0 \u00a0 \u00a0 \u00a0 \u00a0 \u00a0 \u00a0 \u00a0 Foto: J\u00f6rg Matthies<\/p><\/div>\n<p>Am fr\u00fchen Mittwochabend hat in Prenzlau eine Veranstaltung zur <strong>Sportlerehrung<\/strong> und zur <strong>W\u00fcrdigung des Ehrenamtes<\/strong> stattgefunden. Sie war der diesj\u00e4hrige Ersatz f\u00fcr den kreislichen Sportlerball, der aus finanziellen Gr\u00fcnden nicht durchgef\u00fchrt werden konnte, wie von Seiten des Kreissportbundes (KSB) erkl\u00e4rt wurde.<\/p>\n<p>Im Vorfeld hatte eine siebenk\u00f6pfige Jury des KSB, zu der auch die beiden ehemaligen Sportredakteure der lokalen Tageszeitungen (Armin Gehrmann\/Prenzlau und J\u00f6rg Matthies\/Schwedt) als fachkundige, stimmberechtigte G\u00e4ste geh\u00f6rten, aus den von Vereinen eingereichten Vorschl\u00e4gen eine Rangliste f\u00fcr die (Ersatz-)Sportlerumfrage des Jahres 2022 erstellt. Leider hatten die uckerm\u00e4rkischen Sportvereine von ihrem Vorschlagsrecht nur sehr d\u00fcrftig Gebrauch gemacht. Nichtsdestotrotz hatten sich alle Geehrten nat\u00fcrlich die Preise verdient.<\/p>\n<p>Zu ihnen geh\u00f6rten mit Steffi Skara und Carsten Stephan auch zwei Laufsportler der Schwedter Hasen aus unserem Verein. Sie wurden durch die Jury in den Kategorien Frauen und M\u00e4nner jeweils auf den zweiten Platz gew\u00e4hlt.<\/p>\n<p>Landr\u00e4tin Karina D\u00f6rk nutzte die Veranstaltung zur traditionellen W\u00fcrdigung von zehn Ehrenamtlichen aus dem Sport der Uckermark und k\u00fcndigte zudem in einem starken Statement an, dass der Kreis alles daf\u00fcr tun werde, dass im n\u00e4chsten Jahr wieder ein Uckermark-Sportlerball im Ahorn-Seehotel in Templin stattfindet.\u00a0 \u00a0(jm)<\/p>\n","protected":false},"excerpt":{"rendered":"<p>Am fr\u00fchen Mittwochabend hat in Prenzlau eine Veranstaltung zur Sportlerehrung und zur W\u00fcrdigung des Ehrenamtes stattgefunden. Sie war der diesj\u00e4hrige Ersatz f\u00fcr den kreislichen Sportlerball, der aus finanziellen Gr\u00fcnden nicht durchgef\u00fchrt werden konnte, wie von Seiten des Kreissportbundes (KSB) erkl\u00e4rt &hellip; <a href=\"https:\/\/tsv-blauweiss65schwedt.de\/?p=2041\">Weiterlesen <span class=\"meta-nav\">&rarr;<\/span><\/a><\/p>\n","protected":false},"author":5,"featured_media":0,"comment_status":"closed","ping_status":"open","sticky":false,"template":"","format":"standard","meta":{"ngg_post_thumbnail":0,"footnotes":""},"categories":[1],"tags":[],"class_list":["post-2041","post","type-post","status-publish","format-standard","hentry","category-verein"],"_links":{"self":[{"href":"https:\/\/tsv-blauweiss65schwedt.de\/index.php?rest_route=\/wp\/v2\/posts\/2041","targetHints":{"allow":["GET"]}}],"collection":[{"href":"https:\/\/tsv-blauweiss65schwedt.de\/index.php?rest_route=\/wp\/v2\/posts"}],"about":[{"href":"https:\/\/tsv-blauweiss65schwedt.de\/index.php?rest_route=\/wp\/v2\/types\/post"}],"author":[{"embeddable":true,"href":"https:\/\/tsv-blauweiss65schwedt.de\/index.php?rest_route=\/wp\/v2\/users\/5"}],"replies":[{"embeddable":true,"href":"https:\/\/tsv-blauweiss65schwedt.de\/index.php?rest_route=%2Fwp%2Fv2%2Fcomments&post=2041"}],"version-history":[{"count":0,"href":"https:\/\/tsv-blauweiss65schwedt.de\/index.php?rest_route=\/wp\/v2\/posts\/2041\/revisions"}],"wp:attachment":[{"href":"https:\/\/tsv-blauweiss65schwedt.de\/index.php?rest_route=%2Fwp%2Fv2%2Fmedia&parent=2041"}],"wp:term":[{"taxonomy":"category","embeddable":true,"href":"https:\/\/tsv-blauweiss65schwedt.de\/index.php?rest_route=%2Fwp%2Fv2%2Fcategories&post=2041"},{"taxonomy":"post_tag","embeddable":true,"href":"https:\/\/tsv-blauweiss65schwedt.de\/index.php?rest_route=%2Fwp%2Fv2%2Ftags&post=2041"}],"curies":[{"name":"wp","href":"https:\/\/api.w.org\/{rel}","templated":true}]}}